{"id":2752,"date":"2023-01-21T13:43:00","date_gmt":"2023-01-21T12:43:00","guid":{"rendered":"https:\/\/vapa.ch\/?p=2752"},"modified":"2025-05-11T16:05:29","modified_gmt":"2025-05-11T14:05:29","slug":"weltpolitiker-setzen-worte-in-taten-fur-frieden-und-nachhaltigkeit-um","status":"publish","type":"post","link":"https:\/\/vapa.ch\/de\/global-leaders-turning-words-into-action-for-peace-and-sustainability\/","title":{"rendered":"Globale F\u00fchrungspers\u00f6nlichkeiten: Worte in Taten verwandeln f\u00fcr Frieden und Nachhaltigkeit"},"content":{"rendered":"<p>Zeuge sein <a href=\"https:\/\/vapa.ch\/de\/verschiebung-der-globalen-wirtschaftlichen-gezeiten\/\">f\u00fchrende Politiker der Welt<\/a> Es ist sehr ermutigend, dass sich die Menschen auf dem Weltwirtschaftsforum zusammenfinden, um globale Herausforderungen und Chancen anzugehen. Solche Zusammenk\u00fcnfte sind entscheidend f\u00fcr die Gestaltung unserer Zukunft, die F\u00f6rderung der Zusammenarbeit und die Entwicklung innovativer L\u00f6sungen.<\/p>\n\n\n\n<p>Diese Diskussionen m\u00fcssen jedoch \u00fcber blo\u00dfe Rhetorik hinausgehen. Wir fordern Sie auf, Versprechungen zu machen, <a href=\"https:\/\/vapa.ch\/de\/wachstum-in-der-vermogensverwaltung-das-power-duo-von-talent-branding-%f0%9f%9a%80\/\">entscheidende Ma\u00dfnahmen ergreifen<\/a>und durch Ihre F\u00fchrung einen Pr\u00e4zedenzfall schaffen. Das Streben nach Frieden ist das wichtigste Thema f\u00fcr die Weltgemeinschaft, das nur durch echte Anstrengungen und <a href=\"https:\/\/vapa.ch\/de\/verschiebung-der-globalen-wirtschaftlichen-gezeiten\/\">gemeinsamer Kompromiss<\/a>. Zu diesem Zweck m\u00fcssen die langfristigen Pl\u00e4ne strategisch angepasst werden, damit sie sowohl pragmatisch als auch vision\u00e4r sind.<\/p>\n\n\n\n<p>Die Befriedigung der unmittelbaren Bed\u00fcrfnisse der Leidenden ist ebenso wichtig wie die Verfolgung langfristiger <a href=\"https:\/\/vapa.ch\/de\/trends-in-der-vermogensverwaltung-der-esg\/\">Nachhaltigkeit <\/a>Ziele. Der doppelte Ansatz von Soforthilfe und nachhaltiger Planung ist entscheidend f\u00fcr den Aufbau einer widerstandsf\u00e4higen Zukunft. Wir fordern die Staats- und Regierungschefs der Welt auf, einen sinnvollen Dialog zu f\u00fchren und ein Umfeld zu schaffen, in dem L\u00f6sungen aktiv umgesetzt werden und Fortschritte sp\u00fcrbar sind.<\/p>\n\n\n\n<p>Lassen Sie uns diese Foren f\u00fcr globale F\u00fchrungskr\u00e4fte von Diskussionsplattformen in Katalysatoren f\u00fcr echte Ver\u00e4nderungen verwandeln. Beginnen Sie das Gespr\u00e4ch,<a href=\"https:\/\/vapa.ch\/de\/wie-vermogensplattformen-stille-hartnackige-digitale-bedrohungen-anziehen\/\"> Ma\u00dfnahmen ergreifen<\/a>und l<a href=\"https:\/\/vapa.ch\/de\/forderung-von-fuhrungskraften-die-ein-gleichgewicht-zwischen-externen-reizen-und-internen-verbindungen-im-unternehmen-herstellen\/\">mit gutem Beispiel vorangehen <\/a>f\u00fcr eine friedliche und nachhaltige Welt.<\/p>\n\n\n\n<p>Quelle: <a href=\"https:\/\/www.linkedin.com\/posts\/patrick-stauber-marcuard-heritage_worldleaders-challenges-opportunities-activity-7022457761632251904-iIXY?utm_source=share&amp;utm_medium=member_desktop\" target=\"_blank\" rel=\"noreferrer noopener\">LinkedIn<\/a><\/p>\n<div style=\"display:flex; gap:10px;justify-content:\" class=\"wps-pgfw-pdf-generate-icon__wrapper-frontend\">\n\t\t<a  href=\"https:\/\/vapa.ch\/de\/wp-json\/wp\/v2\/posts\/2752?action=genpdf&amp;id=2752\" class=\"pgfw-single-pdf-download-button\" target=\"_blank\"><img src=\"https:\/\/vapa.ch\/wp-content\/uploads\/2024\/11\/pdf-svgrepo-com.svg\" title=\"PDF generieren\" style=\"width:auto; height:45px;\"><\/a>\n\t\t<\/div>","protected":false},"excerpt":{"rendered":"<p>Es ist sehr ermutigend, mitzuerleben, wie sich die f\u00fchrenden Politiker der Welt auf dem Weltwirtschaftsforum zusammenfinden, um globale Herausforderungen und Chancen anzugehen. Solche Zusammenk\u00fcnfte sind entscheidend f\u00fcr die Gestaltung unserer Zukunft, die F\u00f6rderung der Zusammenarbeit und die Entwicklung innovativer L\u00f6sungen. Diese Diskussionen m\u00fcssen jedoch \u00fcber blo\u00dfe Rhetorik hinausgehen. Wir fordern Sie auf, Versprechungen zu machen, entschlossene Ma\u00dfnahmen zu ergreifen und durch Ihre F\u00fchrung einen Pr\u00e4zedenzfall zu schaffen. Das Streben nach Frieden ist das wichtigste Thema f\u00fcr die Weltgemeinschaft und kann nur durch echte Anstrengungen und gegenseitige Kompromisse erreicht werden. Zu diesem Zweck ist es unerl\u00e4sslich, langfristige Pl\u00e4ne strategisch anzupassen und sicherzustellen, dass sie sowohl pragmatisch als auch vision\u00e4r sind. Die Befriedigung der unmittelbaren Bed\u00fcrfnisse der Leidenden ist ebenso wichtig wie die Verfolgung langfristiger Nachhaltigkeitsziele. Der doppelte Ansatz von Soforthilfe und nachhaltiger Planung ist entscheidend f\u00fcr den Aufbau einer widerstandsf\u00e4higen Zukunft. Wir rufen die Staats- und Regierungschefs der Welt auf, einen sinnvollen Dialog zu f\u00fchren und ein Umfeld zu schaffen, in dem L\u00f6sungen aktiv umgesetzt werden und Fortschritte sp\u00fcrbar sind. Lassen Sie uns diese Foren der f\u00fchrenden Politiker der Welt von Diskussionsplattformen in Katalysatoren f\u00fcr echte Ver\u00e4nderungen verwandeln. Starten Sie das Gespr\u00e4ch, handeln Sie und gehen Sie mit gutem Beispiel voran f\u00fcr eine friedliche und nachhaltige Welt. Quelle: LinkedIn<\/p>","protected":false},"author":1,"featured_media":2754,"comment_status":"open","ping_status":"closed","sticky":false,"template":"","format":"standard","meta":{"rop_custom_images_group":[],"rop_custom_messages_group":[],"rop_publish_now":"initial","rop_publish_now_accounts":{"facebook_122096905244470929_329580246915571":"","twitter_1821932287224696832_1821932287224696832":""},"rop_publish_now_history":[],"rop_publish_now_status":"pending","_uag_custom_page_level_css":"","footnotes":""},"categories":[94],"tags":[276,21,201,145,112,138,42,147],"class_list":["post-2752","post","type-post","status-publish","format-standard","has-post-thumbnail","hentry","category-personal-views","tag-2023-blogs-wealth-management","tag-creative","tag-fake-news","tag-peacetalk","tag-politically-affiliated-person","tag-sustainability","tag-wealth-management","tag-western-countries"],"yoast_head":"<!-- This site is optimized with the Yoast SEO Premium plugin v27.4 (Yoast SEO v27.4) - https:\/\/yoast.com\/product\/yoast-seo-premium-wordpress\/ -->\n<title>Global Leaders turning Words into Action | independent wealth management<\/title>\n<meta name=\"description\" content=\"It is encouraging to see global leaders coming together to discuss global challenges and opportunities at the World Economic Forum.\" \/>\n<meta name=\"robots\" content=\"index, follow, max-snippet:-1, max-image-preview:large, max-video-preview:-1\" \/>\n<link rel=\"canonical\" href=\"https:\/\/vapa.ch\/de\/wp-json\/wp\/v2\/posts\/2752\/\" \/>\n<meta property=\"og:locale\" content=\"de_CH\" \/>\n<meta property=\"og:type\" content=\"article\" \/>\n<meta property=\"og:title\" content=\"Global Leaders: Turning Words into Action for Peace and Sustainability\" \/>\n<meta property=\"og:description\" content=\"It is encouraging to see global leaders coming together to discuss global challenges and opportunities at the World Economic Forum.\" \/>\n<meta property=\"og:url\" content=\"https:\/\/vapa.ch\/de\/weltpolitiker-setzen-worte-in-taten-fur-frieden-und-nachhaltigkeit-um\/\" \/>\n<meta property=\"og:site_name\" content=\"independent wealth management\" \/>\n<meta property=\"article:publisher\" content=\"https:\/\/www.facebook.com\/swisswealthmanagement\/\" \/>\n<meta property=\"article:published_time\" content=\"2023-01-21T12:43:00+00:00\" \/>\n<meta property=\"article:modified_time\" content=\"2025-05-11T14:05:29+00:00\" \/>\n<meta property=\"og:image\" content=\"https:\/\/vapa.ch\/wp-content\/uploads\/2023\/01\/global-leaders-peace-sustainability.jpg\" \/>\n\t<meta property=\"og:image:width\" content=\"640\" \/>\n\t<meta property=\"og:image:height\" content=\"359\" \/>\n\t<meta property=\"og:image:type\" content=\"image\/jpeg\" \/>\n<meta name=\"author\" content=\"superuser\" \/>\n<meta name=\"twitter:card\" content=\"summary_large_image\" \/>\n<meta name=\"twitter:creator\" content=\"@wealth_mgr_blog\" \/>\n<meta name=\"twitter:site\" content=\"@wealth_mgr_blog\" \/>\n<meta name=\"twitter:label1\" content=\"Geschrieben von\" \/>\n\t<meta name=\"twitter:data1\" content=\"superuser\" \/>\n\t<meta name=\"twitter:label2\" content=\"Gesch\u00e4tzte Lesezeit\" \/>\n\t<meta name=\"twitter:data2\" content=\"2\u00a0Minuten\" \/>\n<script type=\"application\/ld+json\" class=\"yoast-schema-graph\">{\"@context\":\"https:\\\/\\\/schema.org\",\"@graph\":[{\"@type\":\"Article\",\"@id\":\"https:\\\/\\\/vapa.ch\\\/global-leaders-turning-words-into-action-for-peace-and-sustainability\\\/#article\",\"isPartOf\":{\"@id\":\"https:\\\/\\\/vapa.ch\\\/global-leaders-turning-words-into-action-for-peace-and-sustainability\\\/\"},\"author\":{\"name\":\"superuser\",\"@id\":\"https:\\\/\\\/vapa.ch\\\/#\\\/schema\\\/person\\\/24ee304c0f6c244bff2b39f1b9ae1398\"},\"headline\":\"Global Leaders: Turning Words into Action for Peace and Sustainability\",\"datePublished\":\"2023-01-21T12:43:00+00:00\",\"dateModified\":\"2025-05-11T14:05:29+00:00\",\"mainEntityOfPage\":{\"@id\":\"https:\\\/\\\/vapa.ch\\\/global-leaders-turning-words-into-action-for-peace-and-sustainability\\\/\"},\"wordCount\":193,\"commentCount\":0,\"publisher\":{\"@id\":\"https:\\\/\\\/vapa.ch\\\/#organization\"},\"image\":{\"@id\":\"https:\\\/\\\/vapa.ch\\\/global-leaders-turning-words-into-action-for-peace-and-sustainability\\\/#primaryimage\"},\"thumbnailUrl\":\"https:\\\/\\\/vapa.ch\\\/wp-content\\\/uploads\\\/2023\\\/01\\\/global-leaders-peace-sustainability.jpg\",\"keywords\":[\"2023\",\"Creative\",\"Fake News\",\"Peacetalk\",\"Politically affiliated person\",\"Sustainability\",\"Wealth Management\",\"Western Countries\"],\"articleSection\":[\"Personal Views\"],\"inLanguage\":\"de-CH\",\"potentialAction\":[{\"@type\":\"CommentAction\",\"name\":\"Comment\",\"target\":[\"https:\\\/\\\/vapa.ch\\\/global-leaders-turning-words-into-action-for-peace-and-sustainability\\\/#respond\"]}]},{\"@type\":\"WebPage\",\"@id\":\"https:\\\/\\\/vapa.ch\\\/de\\\/wp-json\\\/wp\\\/v2\\\/posts\\\/2752\\\/\",\"url\":\"https:\\\/\\\/vapa.ch\\\/de\\\/wp-json\\\/wp\\\/v2\\\/posts\\\/2752\\\/\",\"name\":\"independent wealth management\",\"isPartOf\":{\"@id\":\"https:\\\/\\\/vapa.ch\\\/#website\"},\"primaryImageOfPage\":{\"@id\":\"https:\\\/\\\/vapa.ch\\\/global-leaders-turning-words-into-action-for-peace-and-sustainability\\\/#primaryimage\"},\"image\":{\"@id\":\"https:\\\/\\\/vapa.ch\\\/global-leaders-turning-words-into-action-for-peace-and-sustainability\\\/#primaryimage\"},\"thumbnailUrl\":\"https:\\\/\\\/vapa.ch\\\/wp-content\\\/uploads\\\/2023\\\/01\\\/global-leaders-peace-sustainability.jpg\",\"datePublished\":\"2023-01-21T12:43:00+00:00\",\"dateModified\":\"2025-05-11T14:05:29+00:00\",\"description\":\"It is encouraging to see global leaders coming together to discuss global challenges and opportunities at the World Economic Forum.\",\"breadcrumb\":{\"@id\":\"https:\\\/\\\/vapa.ch\\\/global-leaders-turning-words-into-action-for-peace-and-sustainability\\\/#breadcrumb\"},\"inLanguage\":\"de-CH\",\"potentialAction\":[{\"@type\":\"ReadAction\",\"target\":[\"https:\\\/\\\/vapa.ch\\\/de\\\/wp-json\\\/wp\\\/v2\\\/posts\\\/2752\\\/\"]}]},{\"@type\":\"ImageObject\",\"inLanguage\":\"de-CH\",\"@id\":\"https:\\\/\\\/vapa.ch\\\/global-leaders-turning-words-into-action-for-peace-and-sustainability\\\/#primaryimage\",\"url\":\"https:\\\/\\\/vapa.ch\\\/wp-content\\\/uploads\\\/2023\\\/01\\\/global-leaders-peace-sustainability.jpg\",\"contentUrl\":\"https:\\\/\\\/vapa.ch\\\/wp-content\\\/uploads\\\/2023\\\/01\\\/global-leaders-peace-sustainability.jpg\",\"width\":640,\"height\":359,\"caption\":\"Uniting for a Sustainable Future: Global Leaders in Action.\"},{\"@type\":\"BreadcrumbList\",\"@id\":\"https:\\\/\\\/vapa.ch\\\/global-leaders-turning-words-into-action-for-peace-and-sustainability\\\/#breadcrumb\",\"itemListElement\":[{\"@type\":\"ListItem\",\"position\":1,\"name\":\"Home\",\"item\":\"https:\\\/\\\/vapa.ch\\\/de\\\/de\\\/\"},{\"@type\":\"ListItem\",\"position\":2,\"name\":\"Global Leaders: Turning Words into Action for Peace and Sustainability\"}]},{\"@type\":\"WebSite\",\"@id\":\"https:\\\/\\\/vapa.ch\\\/#website\",\"url\":\"https:\\\/\\\/vapa.ch\\\/\",\"name\":\"Independent Wealth Management Blog\",\"description\":\"Independent Swiss Blog for Wealth Management and Alternative Investments\",\"publisher\":{\"@id\":\"https:\\\/\\\/vapa.ch\\\/#organization\"},\"alternateName\":\"Wealth Management\",\"potentialAction\":[{\"@type\":\"SearchAction\",\"target\":{\"@type\":\"EntryPoint\",\"urlTemplate\":\"https:\\\/\\\/vapa.ch\\\/?s={search_term_string}\"},\"query-input\":{\"@type\":\"PropertyValueSpecification\",\"valueRequired\":true,\"valueName\":\"search_term_string\"}}],\"inLanguage\":\"de-CH\"},{\"@type\":\"Organization\",\"@id\":\"https:\\\/\\\/vapa.ch\\\/#organization\",\"name\":\"Independent Wealth Management Blog\",\"alternateName\":\"VAPA\",\"url\":\"https:\\\/\\\/vapa.ch\\\/\",\"logo\":{\"@type\":\"ImageObject\",\"inLanguage\":\"de-CH\",\"@id\":\"https:\\\/\\\/vapa.ch\\\/#\\\/schema\\\/logo\\\/image\\\/\",\"url\":\"https:\\\/\\\/vapa.ch\\\/wp-content\\\/uploads\\\/2023\\\/12\\\/wealth-management-career-prosperity-switzerland.png\",\"contentUrl\":\"https:\\\/\\\/vapa.ch\\\/wp-content\\\/uploads\\\/2023\\\/12\\\/wealth-management-career-prosperity-switzerland.png\",\"width\":67,\"height\":72,\"caption\":\"Independent Wealth Management Blog\"},\"image\":{\"@id\":\"https:\\\/\\\/vapa.ch\\\/#\\\/schema\\\/logo\\\/image\\\/\"},\"sameAs\":[\"https:\\\/\\\/www.facebook.com\\\/swisswealthmanagement\\\/\",\"https:\\\/\\\/x.com\\\/wealth_mgr_blog\",\"https:\\\/\\\/www.linkedin.com\\\/in\\\/patrick-stauber-marcuard-heritage\\\/\"],\"description\":\"Independent Wealth Management Blog (VAPA) \u2013 Schweizer Blog f\u00fcr unabh\u00e4ngige Verm\u00f6gensverwaltung und alternative Investments.\",\"email\":\"blog@vapa.ch\",\"legalName\":\"SeventyOne GmbH\",\"foundingDate\":\"2022-01-01\",\"numberOfEmployees\":{\"@type\":\"QuantitativeValue\",\"minValue\":\"1\",\"maxValue\":\"10\"}},{\"@type\":\"Person\",\"@id\":\"https:\\\/\\\/vapa.ch\\\/#\\\/schema\\\/person\\\/24ee304c0f6c244bff2b39f1b9ae1398\",\"name\":\"superuser\",\"image\":{\"@type\":\"ImageObject\",\"inLanguage\":\"de-CH\",\"@id\":\"https:\\\/\\\/secure.gravatar.com\\\/avatar\\\/12652d39b95508176b1876561df1b92e431a7c7c0c6fa5abc0cfc15d22e7f2a7?s=96&d=mm&r=g\",\"url\":\"https:\\\/\\\/secure.gravatar.com\\\/avatar\\\/12652d39b95508176b1876561df1b92e431a7c7c0c6fa5abc0cfc15d22e7f2a7?s=96&d=mm&r=g\",\"contentUrl\":\"https:\\\/\\\/secure.gravatar.com\\\/avatar\\\/12652d39b95508176b1876561df1b92e431a7c7c0c6fa5abc0cfc15d22e7f2a7?s=96&d=mm&r=g\",\"caption\":\"superuser\"},\"sameAs\":[\"https:\\\/\\\/vapa.ch\"]}]}<\/script>\n<!-- \/ Yoast SEO Premium plugin. -->","yoast_head_json":{"title":"Global Leaders lassen Worten Taten folgen | unabh\u00e4ngige Verm\u00f6gensverwaltung","description":"Es ist ermutigend zu sehen, wie f\u00fchrende Politiker aus aller Welt zusammenkommen, um auf dem Weltwirtschaftsforum globale Herausforderungen und Chancen zu diskutieren.","robots":{"index":"index","follow":"follow","max-snippet":"max-snippet:-1","max-image-preview":"max-image-preview:large","max-video-preview":"max-video-preview:-1"},"canonical":"https:\/\/vapa.ch\/de\/wp-json\/wp\/v2\/posts\/2752\/","og_locale":"de_CH","og_type":"article","og_title":"Global Leaders: Turning Words into Action for Peace and Sustainability","og_description":"It is encouraging to see global leaders coming together to discuss global challenges and opportunities at the World Economic Forum.","og_url":"https:\/\/vapa.ch\/de\/weltpolitiker-setzen-worte-in-taten-fur-frieden-und-nachhaltigkeit-um\/","og_site_name":"independent wealth management","article_publisher":"https:\/\/www.facebook.com\/swisswealthmanagement\/","article_published_time":"2023-01-21T12:43:00+00:00","article_modified_time":"2025-05-11T14:05:29+00:00","og_image":[{"width":640,"height":359,"url":"https:\/\/vapa.ch\/wp-content\/uploads\/2023\/01\/global-leaders-peace-sustainability.jpg","type":"image\/jpeg"}],"author":"superuser","twitter_card":"summary_large_image","twitter_creator":"@wealth_mgr_blog","twitter_site":"@wealth_mgr_blog","twitter_misc":{"Geschrieben von":"superuser","Gesch\u00e4tzte Lesezeit":"2\u00a0Minuten"},"schema":{"@context":"https:\/\/schema.org","@graph":[{"@type":"Article","@id":"https:\/\/vapa.ch\/global-leaders-turning-words-into-action-for-peace-and-sustainability\/#article","isPartOf":{"@id":"https:\/\/vapa.ch\/global-leaders-turning-words-into-action-for-peace-and-sustainability\/"},"author":{"name":"superuser","@id":"https:\/\/vapa.ch\/#\/schema\/person\/24ee304c0f6c244bff2b39f1b9ae1398"},"headline":"Global Leaders: Turning Words into Action for Peace and Sustainability","datePublished":"2023-01-21T12:43:00+00:00","dateModified":"2025-05-11T14:05:29+00:00","mainEntityOfPage":{"@id":"https:\/\/vapa.ch\/global-leaders-turning-words-into-action-for-peace-and-sustainability\/"},"wordCount":193,"commentCount":0,"publisher":{"@id":"https:\/\/vapa.ch\/#organization"},"image":{"@id":"https:\/\/vapa.ch\/global-leaders-turning-words-into-action-for-peace-and-sustainability\/#primaryimage"},"thumbnailUrl":"https:\/\/vapa.ch\/wp-content\/uploads\/2023\/01\/global-leaders-peace-sustainability.jpg","keywords":["2023","Creative","Fake News","Peacetalk","Politically affiliated person","Sustainability","Wealth Management","Western Countries"],"articleSection":["Personal Views"],"inLanguage":"de-CH","potentialAction":[{"@type":"CommentAction","name":"Comment","target":["https:\/\/vapa.ch\/global-leaders-turning-words-into-action-for-peace-and-sustainability\/#respond"]}]},{"@type":"WebPage","@id":"https:\/\/vapa.ch\/de\/wp-json\/wp\/v2\/posts\/2752\/","url":"https:\/\/vapa.ch\/de\/wp-json\/wp\/v2\/posts\/2752\/","name":"unabh\u00e4ngige Verm\u00f6gensverwaltung","isPartOf":{"@id":"https:\/\/vapa.ch\/#website"},"primaryImageOfPage":{"@id":"https:\/\/vapa.ch\/global-leaders-turning-words-into-action-for-peace-and-sustainability\/#primaryimage"},"image":{"@id":"https:\/\/vapa.ch\/global-leaders-turning-words-into-action-for-peace-and-sustainability\/#primaryimage"},"thumbnailUrl":"https:\/\/vapa.ch\/wp-content\/uploads\/2023\/01\/global-leaders-peace-sustainability.jpg","datePublished":"2023-01-21T12:43:00+00:00","dateModified":"2025-05-11T14:05:29+00:00","description":"Es ist ermutigend zu sehen, wie f\u00fchrende Politiker aus aller Welt zusammenkommen, um auf dem Weltwirtschaftsforum globale Herausforderungen und Chancen zu diskutieren.","breadcrumb":{"@id":"https:\/\/vapa.ch\/global-leaders-turning-words-into-action-for-peace-and-sustainability\/#breadcrumb"},"inLanguage":"de-CH","potentialAction":[{"@type":"ReadAction","target":["https:\/\/vapa.ch\/de\/wp-json\/wp\/v2\/posts\/2752\/"]}]},{"@type":"ImageObject","inLanguage":"de-CH","@id":"https:\/\/vapa.ch\/global-leaders-turning-words-into-action-for-peace-and-sustainability\/#primaryimage","url":"https:\/\/vapa.ch\/wp-content\/uploads\/2023\/01\/global-leaders-peace-sustainability.jpg","contentUrl":"https:\/\/vapa.ch\/wp-content\/uploads\/2023\/01\/global-leaders-peace-sustainability.jpg","width":640,"height":359,"caption":"Uniting for a Sustainable Future: Global Leaders in Action."},{"@type":"BreadcrumbList","@id":"https:\/\/vapa.ch\/global-leaders-turning-words-into-action-for-peace-and-sustainability\/#breadcrumb","itemListElement":[{"@type":"ListItem","position":1,"name":"Home","item":"https:\/\/vapa.ch\/de\/de\/"},{"@type":"ListItem","position":2,"name":"Global Leaders: Turning Words into Action for Peace and Sustainability"}]},{"@type":"WebSite","@id":"https:\/\/vapa.ch\/#website","url":"https:\/\/vapa.ch\/","name":"Blog \u00fcber unabh\u00e4ngige Verm\u00f6gensverwalter","description":"Unabh\u00e4ngiger Schweizer Blog f\u00fcr Wealth Management und alternative Anlagen","publisher":{"@id":"https:\/\/vapa.ch\/#organization"},"alternateName":"Wealth Management","potentialAction":[{"@type":"SearchAction","target":{"@type":"EntryPoint","urlTemplate":"https:\/\/vapa.ch\/?s={search_term_string}"},"query-input":{"@type":"PropertyValueSpecification","valueRequired":true,"valueName":"search_term_string"}}],"inLanguage":"de-CH"},{"@type":"Organization","@id":"https:\/\/vapa.ch\/#organization","name":"Blog \u00fcber unabh\u00e4ngige Verm\u00f6gensverwalter","alternateName":"VAPA","url":"https:\/\/vapa.ch\/","logo":{"@type":"ImageObject","inLanguage":"de-CH","@id":"https:\/\/vapa.ch\/#\/schema\/logo\/image\/","url":"https:\/\/vapa.ch\/wp-content\/uploads\/2023\/12\/wealth-management-career-prosperity-switzerland.png","contentUrl":"https:\/\/vapa.ch\/wp-content\/uploads\/2023\/12\/wealth-management-career-prosperity-switzerland.png","width":67,"height":72,"caption":"Independent Wealth Management Blog"},"image":{"@id":"https:\/\/vapa.ch\/#\/schema\/logo\/image\/"},"sameAs":["https:\/\/www.facebook.com\/swisswealthmanagement\/","https:\/\/x.com\/wealth_mgr_blog","https:\/\/www.linkedin.com\/in\/patrick-stauber-marcuard-heritage\/"],"description":"Independent Wealth Management Blog (VAPA) - Schweizer Blog f\u00fcr unabh\u00e4ngige Verm\u00f6gensverwaltung und alternative Investments.","email":"blog@vapa.ch","legalName":"SeventyOne GmbH","foundingDate":"2022-01-01","numberOfEmployees":{"@type":"QuantitativeValue","minValue":"1","maxValue":"10"}},{"@type":"Person","@id":"https:\/\/vapa.ch\/#\/schema\/person\/24ee304c0f6c244bff2b39f1b9ae1398","name":"Superuser","image":{"@type":"ImageObject","inLanguage":"de-CH","@id":"https:\/\/secure.gravatar.com\/avatar\/12652d39b95508176b1876561df1b92e431a7c7c0c6fa5abc0cfc15d22e7f2a7?s=96&d=mm&r=g","url":"https:\/\/secure.gravatar.com\/avatar\/12652d39b95508176b1876561df1b92e431a7c7c0c6fa5abc0cfc15d22e7f2a7?s=96&d=mm&r=g","contentUrl":"https:\/\/secure.gravatar.com\/avatar\/12652d39b95508176b1876561df1b92e431a7c7c0c6fa5abc0cfc15d22e7f2a7?s=96&d=mm&r=g","caption":"superuser"},"sameAs":["https:\/\/vapa.ch"]}]}},"uagb_featured_image_src":{"full":["https:\/\/vapa.ch\/wp-content\/uploads\/2023\/01\/global-leaders-peace-sustainability.jpg",640,359,false],"thumbnail":["https:\/\/vapa.ch\/wp-content\/uploads\/2023\/01\/global-leaders-peace-sustainability-200x112.jpg",200,112,true],"medium":["https:\/\/vapa.ch\/wp-content\/uploads\/2023\/01\/global-leaders-peace-sustainability-300x168.jpg",300,168,true],"medium_large":["https:\/\/vapa.ch\/wp-content\/uploads\/2023\/01\/global-leaders-peace-sustainability.jpg",640,359,false],"large":["https:\/\/vapa.ch\/wp-content\/uploads\/2023\/01\/global-leaders-peace-sustainability.jpg",640,359,false],"1536x1536":["https:\/\/vapa.ch\/wp-content\/uploads\/2023\/01\/global-leaders-peace-sustainability.jpg",640,359,false],"2048x2048":["https:\/\/vapa.ch\/wp-content\/uploads\/2023\/01\/global-leaders-peace-sustainability.jpg",640,359,false],"trp-custom-language-flag":["https:\/\/vapa.ch\/wp-content\/uploads\/2023\/01\/global-leaders-peace-sustainability.jpg",18,10,false],"placeholder-img":["https:\/\/vapa.ch\/wp-content\/uploads\/2023\/01\/global-leaders-peace-sustainability-30x30.jpg",30,30,true],"post-thumbnail":["https:\/\/vapa.ch\/wp-content\/uploads\/2023\/01\/global-leaders-peace-sustainability-480x269.jpg",480,269,true]},"uagb_author_info":{"display_name":"superuser","author_link":"https:\/\/vapa.ch\/de\/author\/superuser\/"},"uagb_comment_info":0,"uagb_excerpt":"Witnessing world leaders uniting to address global challenges and opportunities at the World Economic Forum is highly encouraging. Such gatherings are crucial in shaping our future, fostering collaboration, and driving innovative solutions. However, these discussions must transcend beyond mere rhetoric. We urge you to make promises, take decisive actions, and set a precedent through your&hellip;","_links":{"self":[{"href":"https:\/\/vapa.ch\/de\/wp-json\/wp\/v2\/posts\/2752","targetHints":{"allow":["GET"]}}],"collection":[{"href":"https:\/\/vapa.ch\/de\/wp-json\/wp\/v2\/posts"}],"about":[{"href":"https:\/\/vapa.ch\/de\/wp-json\/wp\/v2\/types\/post"}],"author":[{"embeddable":true,"href":"https:\/\/vapa.ch\/de\/wp-json\/wp\/v2\/users\/1"}],"replies":[{"embeddable":true,"href":"https:\/\/vapa.ch\/de\/wp-json\/wp\/v2\/comments?post=2752"}],"version-history":[{"count":11,"href":"https:\/\/vapa.ch\/de\/wp-json\/wp\/v2\/posts\/2752\/revisions"}],"predecessor-version":[{"id":13396,"href":"https:\/\/vapa.ch\/de\/wp-json\/wp\/v2\/posts\/2752\/revisions\/13396"}],"wp:featuredmedia":[{"embeddable":true,"href":"https:\/\/vapa.ch\/de\/wp-json\/wp\/v2\/media\/2754"}],"wp:attachment":[{"href":"https:\/\/vapa.ch\/de\/wp-json\/wp\/v2\/media?parent=2752"}],"wp:term":[{"taxonomy":"category","embeddable":true,"href":"https:\/\/vapa.ch\/de\/wp-json\/wp\/v2\/categories?post=2752"},{"taxonomy":"post_tag","embeddable":true,"href":"https:\/\/vapa.ch\/de\/wp-json\/wp\/v2\/tags?post=2752"}],"curies":[{"name":"wp","href":"https:\/\/api.w.org\/{rel}","templated":true}]}}