{"id":14454,"date":"2025-08-01T09:01:00","date_gmt":"2025-08-01T07:01:00","guid":{"rendered":"https:\/\/vapa.ch\/?p=14454"},"modified":"2025-09-01T20:09:25","modified_gmt":"2025-09-01T18:09:25","slug":"schweizer-august-2025-feier","status":"publish","type":"post","link":"https:\/\/vapa.ch\/de\/swiss-august-2025-celebration\/","title":{"rendered":"Die Schweiz am 1. August 2025: Mit Charme, K\u00e4se und Charakter"},"content":{"rendered":"<p>Heute feiern wir unser <a href=\"https:\/\/vapa.ch\/de\/die-schweiz-eine-nation-der-champions\/\">Nationalfeiertag<\/a> - ein perfekter Zeitpunkt, um ein Land zu ehren, das im Globalisierungswettlauf lieber einen ruhigen Marathonlauf als einen Sprint hinlegt. Die Schweiz bewegt sich mit der ruhigen Zuversicht eines Bergwanderers, der genau wei\u00df, dass nicht jeder Trend verfolgt werden muss, um den Gipfel zu erreichen.<\/p>\n\n\n\n<p>Das vergangene Jahr hat uns gezeigt, dass die \u00c4ra der schnellen <a href=\"https:\/\/vapa.ch\/de\/wef-2025\/\">Globalisierung <\/a>ist vorbei. Stattdessen leben wir in einer Welt, die sich mehr auf regionale Verbindungen und komplexe <a href=\"https:\/\/vapa.ch\/de\/schwacher-us-dollar-auswirkungen-auf-das-vermogen\/\">Geopolitik<\/a>. Ja, die Diskussionen \u00fcber unser Verh\u00e4ltnis zur EU gehen weiter - so spannend wie ein gut geschmolzenes Fondue. Wir r\u00fchren, wir debattieren, manchmal geht es nur langsam voran, aber letztlich wollen alle, dass sich die Aromen perfekt vermischen.<\/p>\n\n\n\n<h2 class=\"wp-block-heading\" id=\"h-steady-craftsmanship-over-sudden-storms\">Stetige Handwerkskunst gegen pl\u00f6tzliche St\u00fcrme<\/h2>\n\n\n\n<p>Im unabh\u00e4ngigen Verm\u00f6gensverwaltungsmarkt gab es keine pl\u00f6tzlichen Technologiest\u00fcrme, sondern solide Schweizer <a href=\"https:\/\/vapa.ch\/de\/der-unabhangige-vermogensverwalter-und-der-tischler-eine-geschichte-uber-handwerk-und-prazision-%f0%9f%9b%a0%ef%b8%8f%f0%9f%92%bc%f0%9f%8c%b3\/\">Handwerkskunst<\/a>. Pers\u00f6nlicher Rat, <a href=\"https:\/\/vapa.ch\/de\/pioniere-relationship-manager-vermogensverwaltung\/\">ma\u00dfgeschneiderte L\u00f6sungen<\/a>und echtes Vertrauen bleiben wichtige Bestandteile. Flexibilit\u00e4t? Unbedingt! Denn wer will schon mit einem starren Koloss durch seichte Gew\u00e4sser stolpern?<\/p>\n\n\n\n<h2 class=\"wp-block-heading\" id=\"h-why-steady-steps-still-win\">Warum stetige Schritte immer noch gewinnen<\/h2>\n\n\n\n<p>Nat\u00fcrlich sind auch wir nicht immun gegen das Auf und Ab der Weltwirtschaft <a href=\"https:\/\/vapa.ch\/de\/zolle-trump-markt-fallout-2025\/\">Politik<\/a>Aber genau das ist unsere St\u00e4rke: Ruhe bewahren, Pragmatismus walten lassen und lieber mit ruhigen Schritten als \u00fcberst\u00fcrzt handeln. Werte wie Zuverl\u00e4ssigkeit, Diskretion und Unabh\u00e4ngigkeit sind bei uns nicht nur Worte, sondern gelebte Realit\u00e4t.<\/p>\n\n\n\n<p>Heute, liebe Schweiz, feiern wir dich: mit einem Augenzwinkern, einem bodenst\u00e4ndigen Geist und einem <a href=\"https:\/\/vapa.ch\/de\/schweizer-exporte-39-tarif-vermogensverwaltung\/\">klare Verpflichtung<\/a> - Die Unabh\u00e4ngigkeit ist und bleibt unser gr\u00f6sster Schatz. Und das ist mehr als genug Grund, am 1. August 2025 das K\u00e4sefondue zu geniessen!<\/p>\n\n\n\n<p>Quelle: <a href=\"https:\/\/www.linkedin.com\/posts\/patrick-stauber-marcuard-heritage_swissindependence-wealthmanagement-swissvalues-activity-7356926699638263808-Yhbw?utm_source=share&amp;utm_medium=member_desktop&amp;rcm=ACoAAAUooHgBeTEXpRpRNA0E7VJJlaW_t2ANZhk\" target=\"_blank\" rel=\"noreferrer noopener\">LinkedIn<\/a><\/p>\n<div style=\"display:flex; gap:10px;justify-content:\" class=\"wps-pgfw-pdf-generate-icon__wrapper-frontend\">\n\t\t<a  href=\"https:\/\/vapa.ch\/de\/wp-json\/wp\/v2\/posts\/14454?action=genpdf&amp;id=14454\" class=\"pgfw-single-pdf-download-button\" target=\"_blank\"><img src=\"https:\/\/vapa.ch\/wp-content\/uploads\/2024\/11\/pdf-svgrepo-com.svg\" title=\"PDF generieren\" style=\"width:auto; height:45px;\"><\/a>\n\t\t<\/div>","protected":false},"excerpt":{"rendered":"<p>Heute feiern wir unseren Nationalfeiertag - ein perfekter Zeitpunkt, um ein Land zu w\u00fcrdigen, das einen ruhigen Marathonlauf dem Sprint im Globalisierungsrennen vorzieht. Die Schweiz bewegt sich mit der ruhigen Zuversicht eines Bergwanderers, der genau weiss, dass nicht jeder Trend verfolgt werden muss, um den Gipfel zu erreichen. Das vergangene Jahr hat uns gezeigt, dass die Zeit der schnellen Globalisierung vorbei ist. Stattdessen leben wir in einer Welt, die sich st\u00e4rker auf regionale Zusammenh\u00e4nge und komplexe geopolitische Zusammenh\u00e4nge konzentriert. Ja, die Diskussionen \u00fcber unser Verh\u00e4ltnis zur EU gehen weiter - so anregend wie ein gut geschmolzenes Fondue. Wir r\u00fchren, wir debattieren; manchmal ist der Prozess langwierig, aber letztendlich wollen alle, dass sich die Geschm\u00e4cker perfekt vermischen. Stetige Handwerkskunst statt pl\u00f6tzlicher St\u00fcrme Auf dem unabh\u00e4ngigen Verm\u00f6gensverwaltungsmarkt gab es keine pl\u00f6tzlichen technischen St\u00fcrme, sondern solide Schweizer Handwerkskunst. Pers\u00f6nliche Beratung, ma\u00dfgeschneiderte L\u00f6sungen und echtes Vertrauen sind nach wie vor die wichtigsten Zutaten. Flexibilit\u00e4t? Unbedingt! Denn wer will schon mit einem starren Koloss durch seichte Gew\u00e4sser stolpern? Nat\u00fcrlich sind wir nicht immun gegen das Auf und Ab der Weltpolitik, aber genau das ist unsere St\u00e4rke: Ruhe bewahren, Pragmatismus walten lassen und die ruhigen Schritte der Hektik vorziehen. Werte wie Verl\u00e4sslichkeit, ...<\/p>","protected":false},"author":1,"featured_media":14455,"comment_status":"closed","ping_status":"closed","sticky":false,"template":"","format":"standard","meta":{"rop_custom_images_group":[],"rop_custom_messages_group":[],"rop_publish_now":"initial","rop_publish_now_accounts":{"facebook_122096905244470929_329580246915571":"","twitter_1821932287224696832_1821932287224696832":""},"rop_publish_now_history":[],"rop_publish_now_status":"pending","_uag_custom_page_level_css":"","footnotes":""},"categories":[94],"tags":[277,230,269,99,283,42],"class_list":["post-14454","post","type-post","status-publish","format-standard","has-post-thumbnail","hentry","category-personal-views","tag-2025-blog-wealth-management","tag-client-relationship","tag-cross-border","tag-independent-wealth-management","tag-trust","tag-wealth-management"],"yoast_head":"<!-- This site is optimized with the Yoast SEO Premium plugin v27.4 (Yoast SEO v27.5) - https:\/\/yoast.com\/product\/yoast-seo-premium-wordpress\/ -->\n<title>1 August 2025 | independent wealth management<\/title>\n<meta name=\"description\" content=\"Switzerland 1 August 2025: a calm, charming celebration of values, independence, and fondue-fuelled national character.\" \/>\n<meta name=\"robots\" content=\"index, follow, max-snippet:-1, max-image-preview:large, max-video-preview:-1\" \/>\n<link rel=\"canonical\" href=\"https:\/\/vapa.ch\/de\/wp-json\/wp\/v2\/posts\/14454\/\" \/>\n<meta property=\"og:locale\" content=\"de_CH\" \/>\n<meta property=\"og:type\" content=\"article\" \/>\n<meta property=\"og:title\" content=\"Switzerland on 1 August 2025: With Charm, Cheese, and Character\" \/>\n<meta property=\"og:description\" content=\"Switzerland 1 August 2025: a calm, charming celebration of values, independence, and fondue-fuelled national character.\" \/>\n<meta property=\"og:url\" content=\"https:\/\/vapa.ch\/de\/schweizer-august-2025-feier\/\" \/>\n<meta property=\"og:site_name\" content=\"independent wealth management\" \/>\n<meta property=\"article:publisher\" content=\"https:\/\/www.facebook.com\/swisswealthmanagement\/\" \/>\n<meta property=\"article:published_time\" content=\"2025-08-01T07:01:00+00:00\" \/>\n<meta property=\"article:modified_time\" content=\"2025-09-01T18:09:25+00:00\" \/>\n<meta property=\"og:image\" content=\"https:\/\/vapa.ch\/wp-content\/uploads\/2025\/07\/1-August-2025.jpg\" \/>\n\t<meta property=\"og:image:width\" content=\"800\" \/>\n\t<meta property=\"og:image:height\" content=\"533\" \/>\n\t<meta property=\"og:image:type\" content=\"image\/jpeg\" \/>\n<meta name=\"author\" content=\"superuser\" \/>\n<meta name=\"twitter:card\" content=\"summary_large_image\" \/>\n<meta name=\"twitter:creator\" content=\"@wealth_mgr_blog\" \/>\n<meta name=\"twitter:site\" content=\"@wealth_mgr_blog\" \/>\n<meta name=\"twitter:label1\" content=\"Geschrieben von\" \/>\n\t<meta name=\"twitter:data1\" content=\"superuser\" \/>\n\t<meta name=\"twitter:label2\" content=\"Gesch\u00e4tzte Lesezeit\" \/>\n\t<meta name=\"twitter:data2\" content=\"2\u00a0Minuten\" \/>\n<script type=\"application\/ld+json\" class=\"yoast-schema-graph\">{\"@context\":\"https:\\\/\\\/schema.org\",\"@graph\":[{\"@type\":\"Article\",\"@id\":\"https:\\\/\\\/vapa.ch\\\/swiss-august-2025-celebration\\\/#article\",\"isPartOf\":{\"@id\":\"https:\\\/\\\/vapa.ch\\\/swiss-august-2025-celebration\\\/\"},\"author\":{\"name\":\"superuser\",\"@id\":\"https:\\\/\\\/vapa.ch\\\/#\\\/schema\\\/person\\\/24ee304c0f6c244bff2b39f1b9ae1398\"},\"headline\":\"Switzerland on 1 August 2025: With Charm, Cheese, and Character\",\"datePublished\":\"2025-08-01T07:01:00+00:00\",\"dateModified\":\"2025-09-01T18:09:25+00:00\",\"mainEntityOfPage\":{\"@id\":\"https:\\\/\\\/vapa.ch\\\/swiss-august-2025-celebration\\\/\"},\"wordCount\":257,\"publisher\":{\"@id\":\"https:\\\/\\\/vapa.ch\\\/#organization\"},\"image\":{\"@id\":\"https:\\\/\\\/vapa.ch\\\/swiss-august-2025-celebration\\\/#primaryimage\"},\"thumbnailUrl\":\"https:\\\/\\\/vapa.ch\\\/wp-content\\\/uploads\\\/2025\\\/07\\\/1-August-2025.jpg\",\"keywords\":[\"2025\",\"Client Relationship\",\"cross-border\",\"Independent Wealth Management\",\"Trust\",\"Wealth Management\"],\"articleSection\":[\"Personal Views\"],\"inLanguage\":\"de-CH\"},{\"@type\":\"WebPage\",\"@id\":\"https:\\\/\\\/vapa.ch\\\/de\\\/wp-json\\\/wp\\\/v2\\\/posts\\\/14454\\\/\",\"url\":\"https:\\\/\\\/vapa.ch\\\/de\\\/wp-json\\\/wp\\\/v2\\\/posts\\\/14454\\\/\",\"name\":\"independent wealth management\",\"isPartOf\":{\"@id\":\"https:\\\/\\\/vapa.ch\\\/#website\"},\"primaryImageOfPage\":{\"@id\":\"https:\\\/\\\/vapa.ch\\\/swiss-august-2025-celebration\\\/#primaryimage\"},\"image\":{\"@id\":\"https:\\\/\\\/vapa.ch\\\/swiss-august-2025-celebration\\\/#primaryimage\"},\"thumbnailUrl\":\"https:\\\/\\\/vapa.ch\\\/wp-content\\\/uploads\\\/2025\\\/07\\\/1-August-2025.jpg\",\"datePublished\":\"2025-08-01T07:01:00+00:00\",\"dateModified\":\"2025-09-01T18:09:25+00:00\",\"description\":\"Switzerland 1 August 2025: a calm, charming celebration of values, independence, and fondue-fuelled national character.\",\"breadcrumb\":{\"@id\":\"https:\\\/\\\/vapa.ch\\\/swiss-august-2025-celebration\\\/#breadcrumb\"},\"inLanguage\":\"de-CH\",\"potentialAction\":[{\"@type\":\"ReadAction\",\"target\":[\"https:\\\/\\\/vapa.ch\\\/de\\\/wp-json\\\/wp\\\/v2\\\/posts\\\/14454\\\/\"]}]},{\"@type\":\"ImageObject\",\"inLanguage\":\"de-CH\",\"@id\":\"https:\\\/\\\/vapa.ch\\\/swiss-august-2025-celebration\\\/#primaryimage\",\"url\":\"https:\\\/\\\/vapa.ch\\\/wp-content\\\/uploads\\\/2025\\\/07\\\/1-August-2025.jpg\",\"contentUrl\":\"https:\\\/\\\/vapa.ch\\\/wp-content\\\/uploads\\\/2025\\\/07\\\/1-August-2025.jpg\",\"width\":800,\"height\":533,\"caption\":\"A joyful alpine fondue scene for Swiss National Day, full of charm, cheese, and character.\"},{\"@type\":\"BreadcrumbList\",\"@id\":\"https:\\\/\\\/vapa.ch\\\/swiss-august-2025-celebration\\\/#breadcrumb\",\"itemListElement\":[{\"@type\":\"ListItem\",\"position\":1,\"name\":\"Home\",\"item\":\"https:\\\/\\\/vapa.ch\\\/de\\\/de\\\/\"},{\"@type\":\"ListItem\",\"position\":2,\"name\":\"Switzerland on 1 August 2025: With Charm, Cheese, and Character\"}]},{\"@type\":\"WebSite\",\"@id\":\"https:\\\/\\\/vapa.ch\\\/#website\",\"url\":\"https:\\\/\\\/vapa.ch\\\/\",\"name\":\"Independent Wealth Management Blog\",\"description\":\"Independent Swiss Blog for Wealth Management and Alternative Investments\",\"publisher\":{\"@id\":\"https:\\\/\\\/vapa.ch\\\/#organization\"},\"alternateName\":\"Wealth Management\",\"potentialAction\":[{\"@type\":\"SearchAction\",\"target\":{\"@type\":\"EntryPoint\",\"urlTemplate\":\"https:\\\/\\\/vapa.ch\\\/?s={search_term_string}\"},\"query-input\":{\"@type\":\"PropertyValueSpecification\",\"valueRequired\":true,\"valueName\":\"search_term_string\"}}],\"inLanguage\":\"de-CH\"},{\"@type\":\"Organization\",\"@id\":\"https:\\\/\\\/vapa.ch\\\/#organization\",\"name\":\"Independent Wealth Management Blog\",\"alternateName\":\"VAPA\",\"url\":\"https:\\\/\\\/vapa.ch\\\/\",\"logo\":{\"@type\":\"ImageObject\",\"inLanguage\":\"de-CH\",\"@id\":\"https:\\\/\\\/vapa.ch\\\/#\\\/schema\\\/logo\\\/image\\\/\",\"url\":\"https:\\\/\\\/vapa.ch\\\/wp-content\\\/uploads\\\/2023\\\/12\\\/wealth-management-career-prosperity-switzerland.png\",\"contentUrl\":\"https:\\\/\\\/vapa.ch\\\/wp-content\\\/uploads\\\/2023\\\/12\\\/wealth-management-career-prosperity-switzerland.png\",\"width\":67,\"height\":72,\"caption\":\"Independent Wealth Management Blog\"},\"image\":{\"@id\":\"https:\\\/\\\/vapa.ch\\\/#\\\/schema\\\/logo\\\/image\\\/\"},\"sameAs\":[\"https:\\\/\\\/www.facebook.com\\\/swisswealthmanagement\\\/\",\"https:\\\/\\\/x.com\\\/wealth_mgr_blog\",\"https:\\\/\\\/www.linkedin.com\\\/in\\\/patrick-stauber-marcuard-heritage\\\/\"],\"description\":\"Independent Wealth Management Blog (VAPA) \u2013 Schweizer Blog f\u00fcr unabh\u00e4ngige Verm\u00f6gensverwaltung und alternative Investments.\",\"email\":\"blog@vapa.ch\",\"legalName\":\"SeventyOne GmbH\",\"foundingDate\":\"2022-01-01\",\"numberOfEmployees\":{\"@type\":\"QuantitativeValue\",\"minValue\":\"1\",\"maxValue\":\"10\"}},{\"@type\":\"Person\",\"@id\":\"https:\\\/\\\/vapa.ch\\\/#\\\/schema\\\/person\\\/24ee304c0f6c244bff2b39f1b9ae1398\",\"name\":\"superuser\",\"image\":{\"@type\":\"ImageObject\",\"inLanguage\":\"de-CH\",\"@id\":\"https:\\\/\\\/secure.gravatar.com\\\/avatar\\\/12652d39b95508176b1876561df1b92e431a7c7c0c6fa5abc0cfc15d22e7f2a7?s=96&d=mm&r=g\",\"url\":\"https:\\\/\\\/secure.gravatar.com\\\/avatar\\\/12652d39b95508176b1876561df1b92e431a7c7c0c6fa5abc0cfc15d22e7f2a7?s=96&d=mm&r=g\",\"contentUrl\":\"https:\\\/\\\/secure.gravatar.com\\\/avatar\\\/12652d39b95508176b1876561df1b92e431a7c7c0c6fa5abc0cfc15d22e7f2a7?s=96&d=mm&r=g\",\"caption\":\"superuser\"},\"sameAs\":[\"https:\\\/\\\/vapa.ch\"]}]}<\/script>\n<!-- \/ Yoast SEO Premium plugin. -->","yoast_head_json":{"title":"1. August 2025 | unabh\u00e4ngige Verm\u00f6gensverwaltung","description":"Die Schweiz am 1. August 2025: ein ruhiges, charmantes Fest der Werte, der Unabh\u00e4ngigkeit und des nationalen Charakters, der von Fondue gen\u00e4hrt wird.","robots":{"index":"index","follow":"follow","max-snippet":"max-snippet:-1","max-image-preview":"max-image-preview:large","max-video-preview":"max-video-preview:-1"},"canonical":"https:\/\/vapa.ch\/de\/wp-json\/wp\/v2\/posts\/14454\/","og_locale":"de_CH","og_type":"article","og_title":"Switzerland on 1 August 2025: With Charm, Cheese, and Character","og_description":"Switzerland 1 August 2025: a calm, charming celebration of values, independence, and fondue-fuelled national character.","og_url":"https:\/\/vapa.ch\/de\/schweizer-august-2025-feier\/","og_site_name":"independent wealth management","article_publisher":"https:\/\/www.facebook.com\/swisswealthmanagement\/","article_published_time":"2025-08-01T07:01:00+00:00","article_modified_time":"2025-09-01T18:09:25+00:00","og_image":[{"width":800,"height":533,"url":"https:\/\/vapa.ch\/wp-content\/uploads\/2025\/07\/1-August-2025.jpg","type":"image\/jpeg"}],"author":"superuser","twitter_card":"summary_large_image","twitter_creator":"@wealth_mgr_blog","twitter_site":"@wealth_mgr_blog","twitter_misc":{"Geschrieben von":"superuser","Gesch\u00e4tzte Lesezeit":"2\u00a0Minuten"},"schema":{"@context":"https:\/\/schema.org","@graph":[{"@type":"Article","@id":"https:\/\/vapa.ch\/swiss-august-2025-celebration\/#article","isPartOf":{"@id":"https:\/\/vapa.ch\/swiss-august-2025-celebration\/"},"author":{"name":"superuser","@id":"https:\/\/vapa.ch\/#\/schema\/person\/24ee304c0f6c244bff2b39f1b9ae1398"},"headline":"Switzerland on 1 August 2025: With Charm, Cheese, and Character","datePublished":"2025-08-01T07:01:00+00:00","dateModified":"2025-09-01T18:09:25+00:00","mainEntityOfPage":{"@id":"https:\/\/vapa.ch\/swiss-august-2025-celebration\/"},"wordCount":257,"publisher":{"@id":"https:\/\/vapa.ch\/#organization"},"image":{"@id":"https:\/\/vapa.ch\/swiss-august-2025-celebration\/#primaryimage"},"thumbnailUrl":"https:\/\/vapa.ch\/wp-content\/uploads\/2025\/07\/1-August-2025.jpg","keywords":["2025","Client Relationship","cross-border","Independent Wealth Management","Trust","Wealth Management"],"articleSection":["Personal Views"],"inLanguage":"de-CH"},{"@type":"WebPage","@id":"https:\/\/vapa.ch\/de\/wp-json\/wp\/v2\/posts\/14454\/","url":"https:\/\/vapa.ch\/de\/wp-json\/wp\/v2\/posts\/14454\/","name":"unabh\u00e4ngige Verm\u00f6gensverwaltung","isPartOf":{"@id":"https:\/\/vapa.ch\/#website"},"primaryImageOfPage":{"@id":"https:\/\/vapa.ch\/swiss-august-2025-celebration\/#primaryimage"},"image":{"@id":"https:\/\/vapa.ch\/swiss-august-2025-celebration\/#primaryimage"},"thumbnailUrl":"https:\/\/vapa.ch\/wp-content\/uploads\/2025\/07\/1-August-2025.jpg","datePublished":"2025-08-01T07:01:00+00:00","dateModified":"2025-09-01T18:09:25+00:00","description":"Die Schweiz am 1. August 2025: ein ruhiges, charmantes Fest der Werte, der Unabh\u00e4ngigkeit und des nationalen Charakters, der von Fondue gen\u00e4hrt wird.","breadcrumb":{"@id":"https:\/\/vapa.ch\/swiss-august-2025-celebration\/#breadcrumb"},"inLanguage":"de-CH","potentialAction":[{"@type":"ReadAction","target":["https:\/\/vapa.ch\/de\/wp-json\/wp\/v2\/posts\/14454\/"]}]},{"@type":"ImageObject","inLanguage":"de-CH","@id":"https:\/\/vapa.ch\/swiss-august-2025-celebration\/#primaryimage","url":"https:\/\/vapa.ch\/wp-content\/uploads\/2025\/07\/1-August-2025.jpg","contentUrl":"https:\/\/vapa.ch\/wp-content\/uploads\/2025\/07\/1-August-2025.jpg","width":800,"height":533,"caption":"A joyful alpine fondue scene for Swiss National Day, full of charm, cheese, and character."},{"@type":"BreadcrumbList","@id":"https:\/\/vapa.ch\/swiss-august-2025-celebration\/#breadcrumb","itemListElement":[{"@type":"ListItem","position":1,"name":"Home","item":"https:\/\/vapa.ch\/de\/de\/"},{"@type":"ListItem","position":2,"name":"Switzerland on 1 August 2025: With Charm, Cheese, and Character"}]},{"@type":"WebSite","@id":"https:\/\/vapa.ch\/#website","url":"https:\/\/vapa.ch\/","name":"Blog \u00fcber unabh\u00e4ngige Verm\u00f6gensverwalter","description":"Unabh\u00e4ngiger Schweizer Blog f\u00fcr Wealth Management und alternative Anlagen","publisher":{"@id":"https:\/\/vapa.ch\/#organization"},"alternateName":"Wealth Management","potentialAction":[{"@type":"SearchAction","target":{"@type":"EntryPoint","urlTemplate":"https:\/\/vapa.ch\/?s={search_term_string}"},"query-input":{"@type":"PropertyValueSpecification","valueRequired":true,"valueName":"search_term_string"}}],"inLanguage":"de-CH"},{"@type":"Organization","@id":"https:\/\/vapa.ch\/#organization","name":"Blog \u00fcber unabh\u00e4ngige Verm\u00f6gensverwalter","alternateName":"VAPA","url":"https:\/\/vapa.ch\/","logo":{"@type":"ImageObject","inLanguage":"de-CH","@id":"https:\/\/vapa.ch\/#\/schema\/logo\/image\/","url":"https:\/\/vapa.ch\/wp-content\/uploads\/2023\/12\/wealth-management-career-prosperity-switzerland.png","contentUrl":"https:\/\/vapa.ch\/wp-content\/uploads\/2023\/12\/wealth-management-career-prosperity-switzerland.png","width":67,"height":72,"caption":"Independent Wealth Management Blog"},"image":{"@id":"https:\/\/vapa.ch\/#\/schema\/logo\/image\/"},"sameAs":["https:\/\/www.facebook.com\/swisswealthmanagement\/","https:\/\/x.com\/wealth_mgr_blog","https:\/\/www.linkedin.com\/in\/patrick-stauber-marcuard-heritage\/"],"description":"Independent Wealth Management Blog (VAPA) - Schweizer Blog f\u00fcr unabh\u00e4ngige Verm\u00f6gensverwaltung und alternative Investments.","email":"blog@vapa.ch","legalName":"SeventyOne GmbH","foundingDate":"2022-01-01","numberOfEmployees":{"@type":"QuantitativeValue","minValue":"1","maxValue":"10"}},{"@type":"Person","@id":"https:\/\/vapa.ch\/#\/schema\/person\/24ee304c0f6c244bff2b39f1b9ae1398","name":"Superuser","image":{"@type":"ImageObject","inLanguage":"de-CH","@id":"https:\/\/secure.gravatar.com\/avatar\/12652d39b95508176b1876561df1b92e431a7c7c0c6fa5abc0cfc15d22e7f2a7?s=96&d=mm&r=g","url":"https:\/\/secure.gravatar.com\/avatar\/12652d39b95508176b1876561df1b92e431a7c7c0c6fa5abc0cfc15d22e7f2a7?s=96&d=mm&r=g","contentUrl":"https:\/\/secure.gravatar.com\/avatar\/12652d39b95508176b1876561df1b92e431a7c7c0c6fa5abc0cfc15d22e7f2a7?s=96&d=mm&r=g","caption":"superuser"},"sameAs":["https:\/\/vapa.ch"]}]}},"uagb_featured_image_src":{"full":["https:\/\/vapa.ch\/wp-content\/uploads\/2025\/07\/1-August-2025.jpg",800,533,false],"thumbnail":["https:\/\/vapa.ch\/wp-content\/uploads\/2025\/07\/1-August-2025-200x133.jpg",200,133,true],"medium":["https:\/\/vapa.ch\/wp-content\/uploads\/2025\/07\/1-August-2025-300x200.jpg",300,200,true],"medium_large":["https:\/\/vapa.ch\/wp-content\/uploads\/2025\/07\/1-August-2025-768x512.jpg",768,512,true],"large":["https:\/\/vapa.ch\/wp-content\/uploads\/2025\/07\/1-August-2025.jpg",800,533,false],"1536x1536":["https:\/\/vapa.ch\/wp-content\/uploads\/2025\/07\/1-August-2025.jpg",800,533,false],"2048x2048":["https:\/\/vapa.ch\/wp-content\/uploads\/2025\/07\/1-August-2025.jpg",800,533,false],"trp-custom-language-flag":["https:\/\/vapa.ch\/wp-content\/uploads\/2025\/07\/1-August-2025-18x12.jpg",18,12,true],"placeholder-img":["https:\/\/vapa.ch\/wp-content\/uploads\/2025\/07\/1-August-2025-30x30.jpg",30,30,true],"post-thumbnail":["https:\/\/vapa.ch\/wp-content\/uploads\/2025\/07\/1-August-2025-480x320.jpg",480,320,true]},"uagb_author_info":{"display_name":"superuser","author_link":"https:\/\/vapa.ch\/de\/author\/superuser\/"},"uagb_comment_info":0,"uagb_excerpt":"Today we celebrate our National Day \u2013 a perfect time to honour a country that prefers a steady marathon pace over sprinting in the globalisation race. Switzerland moves with the calm confidence of a mountain hiker who knows well that not every trend needs chasing to reach the summit. The past year has shown us&hellip;","_links":{"self":[{"href":"https:\/\/vapa.ch\/de\/wp-json\/wp\/v2\/posts\/14454","targetHints":{"allow":["GET"]}}],"collection":[{"href":"https:\/\/vapa.ch\/de\/wp-json\/wp\/v2\/posts"}],"about":[{"href":"https:\/\/vapa.ch\/de\/wp-json\/wp\/v2\/types\/post"}],"author":[{"embeddable":true,"href":"https:\/\/vapa.ch\/de\/wp-json\/wp\/v2\/users\/1"}],"replies":[{"embeddable":true,"href":"https:\/\/vapa.ch\/de\/wp-json\/wp\/v2\/comments?post=14454"}],"version-history":[{"count":4,"href":"https:\/\/vapa.ch\/de\/wp-json\/wp\/v2\/posts\/14454\/revisions"}],"predecessor-version":[{"id":15022,"href":"https:\/\/vapa.ch\/de\/wp-json\/wp\/v2\/posts\/14454\/revisions\/15022"}],"wp:featuredmedia":[{"embeddable":true,"href":"https:\/\/vapa.ch\/de\/wp-json\/wp\/v2\/media\/14455"}],"wp:attachment":[{"href":"https:\/\/vapa.ch\/de\/wp-json\/wp\/v2\/media?parent=14454"}],"wp:term":[{"taxonomy":"category","embeddable":true,"href":"https:\/\/vapa.ch\/de\/wp-json\/wp\/v2\/categories?post=14454"},{"taxonomy":"post_tag","embeddable":true,"href":"https:\/\/vapa.ch\/de\/wp-json\/wp\/v2\/tags?post=14454"}],"curies":[{"name":"wp","href":"https:\/\/api.w.org\/{rel}","templated":true}]}}